{"id":22952,"date":"2022-03-09T12:35:52","date_gmt":"2022-03-09T11:35:52","guid":{"rendered":"https:\/\/www.casavio.com\/blog\/sensory-garden-lab\/"},"modified":"2023-10-11T11:58:55","modified_gmt":"2023-10-11T09:58:55","slug":"sensorischer-garten","status":"publish","type":"post","link":"https:\/\/www.casavio.com\/de\/blog\/sensorischer-garten\/","title":{"rendered":"Garten"},"content":{"rendered":"<p><em>Ein Garten, der viel mehr als nur ein Garten ist.<\/em><\/p>\n<p>Aber, was ist es eigentlich?<\/p>\n<p>Unser Garten ist Ausdruck dieses Gleichgewichts und es ist ein Ort, an dem wir unsere Vorstellung von Wohlbefinden und Harmonie durch Spa\u00df, Entspannung, Bildungs- und Aktiverfahrungen teilen m\u00f6chten.<\/p>\n<p>Wir hoffen, dass Ihnen diesen <a href=\"https:\/\/www.casavio.com\/de\/unser-campingplatz\/unsere-reise-zu-einem-zukunftsfaehigen-campingplatz\/\"><u>Trittstein<\/u><\/a> gef\u00e4llt! Unser Garten ist noch jung und seine 10.000 Pflanzen sind wie Kinder: sie sind noch sehr zart, sie brauchen Pflege und Woche um Woche k\u00f6nnen Sie sie wachsen sehen, ihre Form und Farbe \u00e4ndern\u2026<\/p>\n<p>So sieht er in einem Jahr aus&#8230; Und es ist nur sein Sommerkleid&#8230;<\/p>\n","protected":false},"excerpt":{"rendered":"<p>Ein Garten, der viel mehr als nur ein Garten ist. Aber, was ist es eigentlich? Unser Garten ist Ausdruck dieses Gleichgewichts und es ist ein Ort, an dem wir unsere Vorstellung von Wohlbefinden und Harmonie durch Spa\u00df, Entspannung, Bildungs- und Aktiverfahrungen teilen m\u00f6chten. Wir hoffen, dass Ihnen diesen Trittstein gef\u00e4llt! Unser Garten ist noch jung [&hellip;]<\/p>\n","protected":false},"author":6,"featured_media":22948,"comment_status":"closed","ping_status":"closed","sticky":false,"template":"","format":"standard","meta":{"_acf_changed":false},"categories":[1579],"tags":[],"class_list":["post-22952","post","type-post","status-publish","format-standard","has-post-thumbnail","hentry","category-ca-savio-de"],"acf":[],"yoast_head":"<!-- This site is optimized with the Yoast SEO plugin v25.3 - https:\/\/yoast.com\/wordpress\/plugins\/seo\/ -->\n<title>Garten &#8211; Camping Ca&#039; Savio<\/title>\n<meta name=\"description\" content=\"Dort k\u00f6nnen Sie einfach durchgehen oder sich von den Farben und dem Duft der Pflanzen einfangen lassen, zwischen Wiesen und Blumenbeeten mit Stauden schlendern, das Rauschen der Bl\u00e4tter im Wind h\u00f6ren\u2026\" \/>\n<meta name=\"robots\" content=\"index, follow, max-snippet:-1, max-image-preview:large, max-video-preview:-1\" \/>\n<link rel=\"canonical\" href=\"https:\/\/www.casavio.com\/de\/blog\/sensorischer-garten\/\" \/>\n<meta property=\"og:locale\" content=\"de_DE\" \/>\n<meta property=\"og:type\" content=\"article\" \/>\n<meta property=\"og:title\" content=\"Garten &#8211; Camping Ca&#039; Savio\" \/>\n<meta property=\"og:description\" content=\"Dort k\u00f6nnen Sie einfach durchgehen oder sich von den Farben und dem Duft der Pflanzen einfangen lassen, zwischen Wiesen und Blumenbeeten mit Stauden schlendern, das Rauschen der Bl\u00e4tter im Wind h\u00f6ren\u2026\" \/>\n<meta property=\"og:url\" content=\"https:\/\/www.casavio.com\/de\/blog\/sensorischer-garten\/\" \/>\n<meta property=\"og:site_name\" content=\"Camping Ca&#039; Savio\" \/>\n<meta property=\"article:publisher\" content=\"https:\/\/www.facebook.com\/campingcasavio\" \/>\n<meta property=\"article:published_time\" content=\"2022-03-09T11:35:52+00:00\" \/>\n<meta property=\"article:modified_time\" content=\"2023-10-11T09:58:55+00:00\" \/>\n<meta property=\"og:image\" content=\"https:\/\/www.casavio.com\/wp-content\/uploads\/2022\/03\/gardenlab-ev.jpg\" \/>\n\t<meta property=\"og:image:width\" content=\"440\" \/>\n\t<meta property=\"og:image:height\" content=\"600\" \/>\n\t<meta property=\"og:image:type\" content=\"image\/jpeg\" \/>\n<meta name=\"author\" content=\"Silvia Cagnan\" \/>\n<meta name=\"twitter:card\" content=\"summary_large_image\" \/>\n<meta name=\"twitter:label1\" content=\"Verfasst von\" \/>\n\t<meta name=\"twitter:data1\" content=\"Silvia Cagnan\" \/>\n\t<meta name=\"twitter:label2\" content=\"Gesch\u00e4tzte Lesezeit\" \/>\n\t<meta name=\"twitter:data2\" content=\"1\u00a0Minute\" \/>\n<script type=\"application\/ld+json\" class=\"yoast-schema-graph\">{\"@context\":\"https:\/\/schema.org\",\"@graph\":[{\"@type\":\"Article\",\"@id\":\"https:\/\/www.casavio.com\/de\/blog\/sensorischer-garten\/#article\",\"isPartOf\":{\"@id\":\"https:\/\/www.casavio.com\/de\/blog\/sensorischer-garten\/\"},\"author\":{\"name\":\"Silvia Cagnan\",\"@id\":\"https:\/\/www.casavio.com\/de\/#\/schema\/person\/578772de72c8c7a7bc37952f3c2134e3\"},\"headline\":\"Garten\",\"datePublished\":\"2022-03-09T11:35:52+00:00\",\"dateModified\":\"2023-10-11T09:58:55+00:00\",\"mainEntityOfPage\":{\"@id\":\"https:\/\/www.casavio.com\/de\/blog\/sensorischer-garten\/\"},\"wordCount\":100,\"publisher\":{\"@id\":\"https:\/\/www.casavio.com\/de\/#organization\"},\"image\":{\"@id\":\"https:\/\/www.casavio.com\/de\/blog\/sensorischer-garten\/#primaryimage\"},\"thumbnailUrl\":\"https:\/\/www.casavio.com\/wp-content\/uploads\/2022\/03\/gardenlab-ev.jpg\",\"articleSection\":[\"Ca&#8217; Savio\"],\"inLanguage\":\"de\"},{\"@type\":\"WebPage\",\"@id\":\"https:\/\/www.casavio.com\/de\/blog\/sensorischer-garten\/\",\"url\":\"https:\/\/www.casavio.com\/de\/blog\/sensorischer-garten\/\",\"name\":\"Garten &#8211; Camping Ca&#039; Savio\",\"isPartOf\":{\"@id\":\"https:\/\/www.casavio.com\/de\/#website\"},\"primaryImageOfPage\":{\"@id\":\"https:\/\/www.casavio.com\/de\/blog\/sensorischer-garten\/#primaryimage\"},\"image\":{\"@id\":\"https:\/\/www.casavio.com\/de\/blog\/sensorischer-garten\/#primaryimage\"},\"thumbnailUrl\":\"https:\/\/www.casavio.com\/wp-content\/uploads\/2022\/03\/gardenlab-ev.jpg\",\"datePublished\":\"2022-03-09T11:35:52+00:00\",\"dateModified\":\"2023-10-11T09:58:55+00:00\",\"description\":\"Dort k\u00f6nnen Sie einfach durchgehen oder sich von den Farben und dem Duft der Pflanzen einfangen lassen, zwischen Wiesen und Blumenbeeten mit Stauden schlendern, das Rauschen der Bl\u00e4tter im Wind h\u00f6ren\u2026\",\"breadcrumb\":{\"@id\":\"https:\/\/www.casavio.com\/de\/blog\/sensorischer-garten\/#breadcrumb\"},\"inLanguage\":\"de\",\"potentialAction\":[{\"@type\":\"ReadAction\",\"target\":[\"https:\/\/www.casavio.com\/de\/blog\/sensorischer-garten\/\"]}]},{\"@type\":\"ImageObject\",\"inLanguage\":\"de\",\"@id\":\"https:\/\/www.casavio.com\/de\/blog\/sensorischer-garten\/#primaryimage\",\"url\":\"https:\/\/www.casavio.com\/wp-content\/uploads\/2022\/03\/gardenlab-ev.jpg\",\"contentUrl\":\"https:\/\/www.casavio.com\/wp-content\/uploads\/2022\/03\/gardenlab-ev.jpg\",\"width\":440,\"height\":600},{\"@type\":\"BreadcrumbList\",\"@id\":\"https:\/\/www.casavio.com\/de\/blog\/sensorischer-garten\/#breadcrumb\",\"itemListElement\":[{\"@type\":\"ListItem\",\"position\":1,\"name\":\"Home\",\"item\":\"https:\/\/www.casavio.com\/de\/\"},{\"@type\":\"ListItem\",\"position\":2,\"name\":\"Garten\"}]},{\"@type\":\"WebSite\",\"@id\":\"https:\/\/www.casavio.com\/de\/#website\",\"url\":\"https:\/\/www.casavio.com\/de\/\",\"name\":\"Camping Ca&#039; Savio\",\"description\":\"\",\"publisher\":{\"@id\":\"https:\/\/www.casavio.com\/de\/#organization\"},\"potentialAction\":[{\"@type\":\"SearchAction\",\"target\":{\"@type\":\"EntryPoint\",\"urlTemplate\":\"https:\/\/www.casavio.com\/de\/?s={search_term_string}\"},\"query-input\":{\"@type\":\"PropertyValueSpecification\",\"valueRequired\":true,\"valueName\":\"search_term_string\"}}],\"inLanguage\":\"de\"},{\"@type\":\"Organization\",\"@id\":\"https:\/\/www.casavio.com\/de\/#organization\",\"name\":\"Camping Ca'Savio\",\"url\":\"https:\/\/www.casavio.com\/de\/\",\"logo\":{\"@type\":\"ImageObject\",\"inLanguage\":\"de\",\"@id\":\"https:\/\/www.casavio.com\/de\/#\/schema\/logo\/image\/\",\"url\":\"https:\/\/www.casavio.com\/wp-content\/uploads\/2024\/04\/favicon.png\",\"contentUrl\":\"https:\/\/www.casavio.com\/wp-content\/uploads\/2024\/04\/favicon.png\",\"width\":144,\"height\":144,\"caption\":\"Camping Ca'Savio\"},\"image\":{\"@id\":\"https:\/\/www.casavio.com\/de\/#\/schema\/logo\/image\/\"},\"sameAs\":[\"https:\/\/www.facebook.com\/campingcasavio\",\"https:\/\/www.instagram.com\/campingcasavio\",\"https:\/\/www.youtube.com\/user\/campingcasavio\"]},{\"@type\":\"Person\",\"@id\":\"https:\/\/www.casavio.com\/de\/#\/schema\/person\/578772de72c8c7a7bc37952f3c2134e3\",\"name\":\"Silvia Cagnan\"}]}<\/script>\n<!-- \/ Yoast SEO plugin. -->","yoast_head_json":{"title":"Garten &#8211; Camping Ca&#039; Savio","description":"Dort k\u00f6nnen Sie einfach durchgehen oder sich von den Farben und dem Duft der Pflanzen einfangen lassen, zwischen Wiesen und Blumenbeeten mit Stauden schlendern, das Rauschen der Bl\u00e4tter im Wind h\u00f6ren\u2026","robots":{"index":"index","follow":"follow","max-snippet":"max-snippet:-1","max-image-preview":"max-image-preview:large","max-video-preview":"max-video-preview:-1"},"canonical":"https:\/\/www.casavio.com\/de\/blog\/sensorischer-garten\/","og_locale":"de_DE","og_type":"article","og_title":"Garten &#8211; Camping Ca&#039; Savio","og_description":"Dort k\u00f6nnen Sie einfach durchgehen oder sich von den Farben und dem Duft der Pflanzen einfangen lassen, zwischen Wiesen und Blumenbeeten mit Stauden schlendern, das Rauschen der Bl\u00e4tter im Wind h\u00f6ren\u2026","og_url":"https:\/\/www.casavio.com\/de\/blog\/sensorischer-garten\/","og_site_name":"Camping Ca&#039; Savio","article_publisher":"https:\/\/www.facebook.com\/campingcasavio","article_published_time":"2022-03-09T11:35:52+00:00","article_modified_time":"2023-10-11T09:58:55+00:00","og_image":[{"width":440,"height":600,"url":"https:\/\/www.casavio.com\/wp-content\/uploads\/2022\/03\/gardenlab-ev.jpg","type":"image\/jpeg"}],"author":"Silvia Cagnan","twitter_card":"summary_large_image","twitter_misc":{"Verfasst von":"Silvia Cagnan","Gesch\u00e4tzte Lesezeit":"1\u00a0Minute"},"schema":{"@context":"https:\/\/schema.org","@graph":[{"@type":"Article","@id":"https:\/\/www.casavio.com\/de\/blog\/sensorischer-garten\/#article","isPartOf":{"@id":"https:\/\/www.casavio.com\/de\/blog\/sensorischer-garten\/"},"author":{"name":"Silvia Cagnan","@id":"https:\/\/www.casavio.com\/de\/#\/schema\/person\/578772de72c8c7a7bc37952f3c2134e3"},"headline":"Garten","datePublished":"2022-03-09T11:35:52+00:00","dateModified":"2023-10-11T09:58:55+00:00","mainEntityOfPage":{"@id":"https:\/\/www.casavio.com\/de\/blog\/sensorischer-garten\/"},"wordCount":100,"publisher":{"@id":"https:\/\/www.casavio.com\/de\/#organization"},"image":{"@id":"https:\/\/www.casavio.com\/de\/blog\/sensorischer-garten\/#primaryimage"},"thumbnailUrl":"https:\/\/www.casavio.com\/wp-content\/uploads\/2022\/03\/gardenlab-ev.jpg","articleSection":["Ca&#8217; Savio"],"inLanguage":"de"},{"@type":"WebPage","@id":"https:\/\/www.casavio.com\/de\/blog\/sensorischer-garten\/","url":"https:\/\/www.casavio.com\/de\/blog\/sensorischer-garten\/","name":"Garten &#8211; Camping Ca&#039; Savio","isPartOf":{"@id":"https:\/\/www.casavio.com\/de\/#website"},"primaryImageOfPage":{"@id":"https:\/\/www.casavio.com\/de\/blog\/sensorischer-garten\/#primaryimage"},"image":{"@id":"https:\/\/www.casavio.com\/de\/blog\/sensorischer-garten\/#primaryimage"},"thumbnailUrl":"https:\/\/www.casavio.com\/wp-content\/uploads\/2022\/03\/gardenlab-ev.jpg","datePublished":"2022-03-09T11:35:52+00:00","dateModified":"2023-10-11T09:58:55+00:00","description":"Dort k\u00f6nnen Sie einfach durchgehen oder sich von den Farben und dem Duft der Pflanzen einfangen lassen, zwischen Wiesen und Blumenbeeten mit Stauden schlendern, das Rauschen der Bl\u00e4tter im Wind h\u00f6ren\u2026","breadcrumb":{"@id":"https:\/\/www.casavio.com\/de\/blog\/sensorischer-garten\/#breadcrumb"},"inLanguage":"de","potentialAction":[{"@type":"ReadAction","target":["https:\/\/www.casavio.com\/de\/blog\/sensorischer-garten\/"]}]},{"@type":"ImageObject","inLanguage":"de","@id":"https:\/\/www.casavio.com\/de\/blog\/sensorischer-garten\/#primaryimage","url":"https:\/\/www.casavio.com\/wp-content\/uploads\/2022\/03\/gardenlab-ev.jpg","contentUrl":"https:\/\/www.casavio.com\/wp-content\/uploads\/2022\/03\/gardenlab-ev.jpg","width":440,"height":600},{"@type":"BreadcrumbList","@id":"https:\/\/www.casavio.com\/de\/blog\/sensorischer-garten\/#breadcrumb","itemListElement":[{"@type":"ListItem","position":1,"name":"Home","item":"https:\/\/www.casavio.com\/de\/"},{"@type":"ListItem","position":2,"name":"Garten"}]},{"@type":"WebSite","@id":"https:\/\/www.casavio.com\/de\/#website","url":"https:\/\/www.casavio.com\/de\/","name":"Camping Ca&#039; Savio","description":"","publisher":{"@id":"https:\/\/www.casavio.com\/de\/#organization"},"potentialAction":[{"@type":"SearchAction","target":{"@type":"EntryPoint","urlTemplate":"https:\/\/www.casavio.com\/de\/?s={search_term_string}"},"query-input":{"@type":"PropertyValueSpecification","valueRequired":true,"valueName":"search_term_string"}}],"inLanguage":"de"},{"@type":"Organization","@id":"https:\/\/www.casavio.com\/de\/#organization","name":"Camping Ca'Savio","url":"https:\/\/www.casavio.com\/de\/","logo":{"@type":"ImageObject","inLanguage":"de","@id":"https:\/\/www.casavio.com\/de\/#\/schema\/logo\/image\/","url":"https:\/\/www.casavio.com\/wp-content\/uploads\/2024\/04\/favicon.png","contentUrl":"https:\/\/www.casavio.com\/wp-content\/uploads\/2024\/04\/favicon.png","width":144,"height":144,"caption":"Camping Ca'Savio"},"image":{"@id":"https:\/\/www.casavio.com\/de\/#\/schema\/logo\/image\/"},"sameAs":["https:\/\/www.facebook.com\/campingcasavio","https:\/\/www.instagram.com\/campingcasavio","https:\/\/www.youtube.com\/user\/campingcasavio"]},{"@type":"Person","@id":"https:\/\/www.casavio.com\/de\/#\/schema\/person\/578772de72c8c7a7bc37952f3c2134e3","name":"Silvia Cagnan"}]}},"_links":{"self":[{"href":"https:\/\/www.casavio.com\/de\/wp-json\/wp\/v2\/posts\/22952","targetHints":{"allow":["GET"]}}],"collection":[{"href":"https:\/\/www.casavio.com\/de\/wp-json\/wp\/v2\/posts"}],"about":[{"href":"https:\/\/www.casavio.com\/de\/wp-json\/wp\/v2\/types\/post"}],"author":[{"embeddable":true,"href":"https:\/\/www.casavio.com\/de\/wp-json\/wp\/v2\/users\/6"}],"replies":[{"embeddable":true,"href":"https:\/\/www.casavio.com\/de\/wp-json\/wp\/v2\/comments?post=22952"}],"version-history":[{"count":2,"href":"https:\/\/www.casavio.com\/de\/wp-json\/wp\/v2\/posts\/22952\/revisions"}],"predecessor-version":[{"id":28893,"href":"https:\/\/www.casavio.com\/de\/wp-json\/wp\/v2\/posts\/22952\/revisions\/28893"}],"wp:featuredmedia":[{"embeddable":true,"href":"https:\/\/www.casavio.com\/de\/wp-json\/wp\/v2\/media\/22948"}],"wp:attachment":[{"href":"https:\/\/www.casavio.com\/de\/wp-json\/wp\/v2\/media?parent=22952"}],"wp:term":[{"taxonomy":"category","embeddable":true,"href":"https:\/\/www.casavio.com\/de\/wp-json\/wp\/v2\/categories?post=22952"},{"taxonomy":"post_tag","embeddable":true,"href":"https:\/\/www.casavio.com\/de\/wp-json\/wp\/v2\/tags?post=22952"}],"curies":[{"name":"wp","href":"https:\/\/api.w.org\/{rel}","templated":true}]}}