{"id":41803,"date":"2025-07-15T15:54:06","date_gmt":"2025-07-15T13:54:06","guid":{"rendered":"https:\/\/www.casavio.com\/?p=41803"},"modified":"2025-10-02T12:31:32","modified_gmt":"2025-10-02T10:31:32","slug":"a-rozsaszin-flamingok-venetoban-az-eg-a-laguna-es-a-szines-tollak-kozott","status":"publish","type":"post","link":"https:\/\/www.casavio.com\/hu\/blog\/a-rozsaszin-flamingok-venetoban-az-eg-a-laguna-es-a-szines-tollak-kozott\/","title":{"rendered":"A r\u00f3zsasz\u00edn flaming\u00f3k Venet\u00f3ban: az \u00e9g, a lag\u00fana \u00e9s a sz\u00ednes tollak k\u00f6z\u00f6tt"},"content":{"rendered":"<ul class=\"toc_list\">\n<li><a href=\"#_1\">A lag\u00fana r\u00f3zsasz\u00ednbe \u00f6lt\u00f6zik: hol tal\u00e1lhat\u00f3k flaming\u00f3k Venet\u00f3ban<\/a><\/li>\n<li><a href=\"#_2\">Flaming\u00f3k a velencei lag\u00fan\u00e1ban<\/a><\/li>\n<li><a href=\"#_3\">Flaming\u00f3k Lio Piccol\u00f3n\u00e1l<\/a><\/li>\n<li><a href=\"#_4\">M\u00e1s helyek Olaszorsz\u00e1gban, ahol flaming\u00f3k \u00e9lnek<\/a><\/li>\n<li><a href=\"#_5\">Mi\u00e9rt r\u00f3zsasz\u00edn\u0171ek a flaming\u00f3k?<\/a><\/li>\n<li><a href=\"#_6\">T\u00e1pl\u00e1lkoz\u00e1s \u00e9s pigmentek<\/a><\/li>\n<li><a href=\"#_7\">A sz\u00edn id\u0151beli v\u00e1ltoz\u00e1sa<\/a><\/li>\n<li><a href=\"#_8\">Egy\u00e9b \u00e9rdekes t\u00e9nyek a flaming\u00f3kr\u00f3l<\/a><\/li>\n<li><a href=\"#_9\">Hol \u00e9s mikor f\u00e9nyk\u00e9pezz\u00fck a r\u00f3zsasz\u00edn flaming\u00f3kat<\/a><\/li>\n<li><a href=\"#_10\">Az \u00e9v legjobb id\u0151szakai<\/a><\/li>\n<li><a href=\"#_11\">Term\u00e9szet megfigyel\u00e9se tisztelettel: tudatos mad\u00e1rmegfigyel\u00e9s<\/a><\/li>\n<li><a href=\"#_12\">Ellen\u0151rz\u0151 lista a t\u00f6k\u00e9letes kir\u00e1ndul\u00e1shoz flaming\u00f3k nyom\u00e1ban<\/a><\/li>\n<li><a href=\"#_13\">Flaming\u00f3k ak\u00e1r nyaral\u00e1s k\u00f6zben is: lag\u00fana p\u00e1r l\u00e9p\u00e9sre a Camping Ca\u2019Saviot\u00f3l<\/a><\/li>\n<li><a href=\"#_14\">GYIK<\/a><\/li>\n<\/ul>\n","protected":false},"excerpt":{"rendered":"<p>A lag\u00fana r\u00f3zsasz\u00ednbe \u00f6lt\u00f6zik: hol tal\u00e1lhat\u00f3k flaming\u00f3k Venet\u00f3ban Flaming\u00f3k a velencei lag\u00fan\u00e1ban Flaming\u00f3k Lio Piccol\u00f3n\u00e1l M\u00e1s helyek Olaszorsz\u00e1gban, ahol flaming\u00f3k \u00e9lnek Mi\u00e9rt r\u00f3zsasz\u00edn\u0171ek a flaming\u00f3k? T\u00e1pl\u00e1lkoz\u00e1s \u00e9s pigmentek A sz\u00edn id\u0151beli v\u00e1ltoz\u00e1sa Egy\u00e9b \u00e9rdekes t\u00e9nyek a flaming\u00f3kr\u00f3l Hol \u00e9s mikor f\u00e9nyk\u00e9pezz\u00fck a r\u00f3zsasz\u00edn flaming\u00f3kat Az \u00e9v legjobb id\u0151szakai Term\u00e9szet megfigyel\u00e9se tisztelettel: tudatos mad\u00e1rmegfigyel\u00e9s Ellen\u0151rz\u0151 lista [&hellip;]<\/p>\n","protected":false},"author":6,"featured_media":37883,"comment_status":"closed","ping_status":"closed","sticky":false,"template":"","format":"standard","meta":{"_acf_changed":false},"categories":[1615],"tags":[],"class_list":["post-41803","post","type-post","status-publish","format-standard","has-post-thumbnail","hentry","category-cavallino-treporti-da-hu"],"acf":[],"yoast_head":"<!-- This site is optimized with the Yoast SEO plugin v25.3 - https:\/\/yoast.com\/wordpress\/plugins\/seo\/ -->\n<title>A r\u00f3zsasz\u00edn flaming\u00f3k Venet\u00f3ban: az \u00e9g, a lag\u00fana \u00e9s a sz\u00ednes tollak k\u00f6z\u00f6tt &#8211; Camping Ca&#039; Savio<\/title>\n<meta name=\"description\" content=\"Szeretn\u00e9d megn\u00e9zni a r\u00f3zsasz\u00edn flaming\u00f3kat Veneto tartom\u00e1nyban? \u00c9ld meg ezt a kalandot nyaral\u00e1sod alatt a Camping Ca\u2019Savio-ban \u2013 lag\u00fana, term\u00e9szet, felfedez\u00e9s \u00e9s tisztelet.\" \/>\n<meta name=\"robots\" content=\"index, follow, max-snippet:-1, max-image-preview:large, max-video-preview:-1\" \/>\n<link rel=\"canonical\" href=\"https:\/\/www.casavio.com\/hu\/blog\/a-rozsaszin-flamingok-venetoban-az-eg-a-laguna-es-a-szines-tollak-kozott\/\" \/>\n<meta property=\"og:locale\" content=\"hu_HU\" \/>\n<meta property=\"og:type\" content=\"article\" \/>\n<meta property=\"og:title\" content=\"A r\u00f3zsasz\u00edn flaming\u00f3k Venet\u00f3ban: az \u00e9g, a lag\u00fana \u00e9s a sz\u00ednes tollak k\u00f6z\u00f6tt &#8211; Camping Ca&#039; Savio\" \/>\n<meta property=\"og:description\" content=\"Szeretn\u00e9d megn\u00e9zni a r\u00f3zsasz\u00edn flaming\u00f3kat Veneto tartom\u00e1nyban? \u00c9ld meg ezt a kalandot nyaral\u00e1sod alatt a Camping Ca\u2019Savio-ban \u2013 lag\u00fana, term\u00e9szet, felfedez\u00e9s \u00e9s tisztelet.\" \/>\n<meta property=\"og:url\" content=\"https:\/\/www.casavio.com\/hu\/blog\/a-rozsaszin-flamingok-venetoban-az-eg-a-laguna-es-a-szines-tollak-kozott\/\" \/>\n<meta property=\"og:site_name\" content=\"Camping Ca&#039; Savio\" \/>\n<meta property=\"article:publisher\" content=\"https:\/\/www.facebook.com\/campingcasavio\" \/>\n<meta property=\"article:published_time\" content=\"2025-07-15T13:54:06+00:00\" \/>\n<meta property=\"article:modified_time\" content=\"2025-10-02T10:31:32+00:00\" \/>\n<meta property=\"og:image\" content=\"https:\/\/www.casavio.com\/wp-content\/uploads\/2025\/02\/fenicotteri-cavallino.jpg\" \/>\n\t<meta property=\"og:image:width\" content=\"440\" \/>\n\t<meta property=\"og:image:height\" content=\"600\" \/>\n\t<meta property=\"og:image:type\" content=\"image\/jpeg\" \/>\n<meta name=\"author\" content=\"Silvia Cagnan\" \/>\n<meta name=\"twitter:card\" content=\"summary_large_image\" \/>\n<meta name=\"twitter:label1\" content=\"Szerz\u0151:\" \/>\n\t<meta name=\"twitter:data1\" content=\"Silvia Cagnan\" \/>\n\t<meta name=\"twitter:label2\" content=\"Becs\u00fclt olvas\u00e1si id\u0151\" \/>\n\t<meta name=\"twitter:data2\" content=\"1 perc\" \/>\n<script type=\"application\/ld+json\" class=\"yoast-schema-graph\">{\"@context\":\"https:\/\/schema.org\",\"@graph\":[{\"@type\":\"Article\",\"@id\":\"https:\/\/www.casavio.com\/hu\/blog\/a-rozsaszin-flamingok-venetoban-az-eg-a-laguna-es-a-szines-tollak-kozott\/#article\",\"isPartOf\":{\"@id\":\"https:\/\/www.casavio.com\/hu\/blog\/a-rozsaszin-flamingok-venetoban-az-eg-a-laguna-es-a-szines-tollak-kozott\/\"},\"author\":{\"name\":\"Silvia Cagnan\",\"@id\":\"https:\/\/www.casavio.com\/hu\/#\/schema\/person\/578772de72c8c7a7bc37952f3c2134e3\"},\"headline\":\"A r\u00f3zsasz\u00edn flaming\u00f3k Venet\u00f3ban: az \u00e9g, a lag\u00fana \u00e9s a sz\u00ednes tollak k\u00f6z\u00f6tt\",\"datePublished\":\"2025-07-15T13:54:06+00:00\",\"dateModified\":\"2025-10-02T10:31:32+00:00\",\"mainEntityOfPage\":{\"@id\":\"https:\/\/www.casavio.com\/hu\/blog\/a-rozsaszin-flamingok-venetoban-az-eg-a-laguna-es-a-szines-tollak-kozott\/\"},\"wordCount\":154,\"publisher\":{\"@id\":\"https:\/\/www.casavio.com\/hu\/#organization\"},\"image\":{\"@id\":\"https:\/\/www.casavio.com\/hu\/blog\/a-rozsaszin-flamingok-venetoban-az-eg-a-laguna-es-a-szines-tollak-kozott\/#primaryimage\"},\"thumbnailUrl\":\"https:\/\/www.casavio.com\/wp-content\/uploads\/2025\/02\/fenicotteri-cavallino.jpg\",\"articleSection\":[\"Cavallino Treporti\"],\"inLanguage\":\"hu\"},{\"@type\":\"WebPage\",\"@id\":\"https:\/\/www.casavio.com\/hu\/blog\/a-rozsaszin-flamingok-venetoban-az-eg-a-laguna-es-a-szines-tollak-kozott\/\",\"url\":\"https:\/\/www.casavio.com\/hu\/blog\/a-rozsaszin-flamingok-venetoban-az-eg-a-laguna-es-a-szines-tollak-kozott\/\",\"name\":\"A r\u00f3zsasz\u00edn flaming\u00f3k Venet\u00f3ban: az \u00e9g, a lag\u00fana \u00e9s a sz\u00ednes tollak k\u00f6z\u00f6tt &#8211; Camping Ca&#039; Savio\",\"isPartOf\":{\"@id\":\"https:\/\/www.casavio.com\/hu\/#website\"},\"primaryImageOfPage\":{\"@id\":\"https:\/\/www.casavio.com\/hu\/blog\/a-rozsaszin-flamingok-venetoban-az-eg-a-laguna-es-a-szines-tollak-kozott\/#primaryimage\"},\"image\":{\"@id\":\"https:\/\/www.casavio.com\/hu\/blog\/a-rozsaszin-flamingok-venetoban-az-eg-a-laguna-es-a-szines-tollak-kozott\/#primaryimage\"},\"thumbnailUrl\":\"https:\/\/www.casavio.com\/wp-content\/uploads\/2025\/02\/fenicotteri-cavallino.jpg\",\"datePublished\":\"2025-07-15T13:54:06+00:00\",\"dateModified\":\"2025-10-02T10:31:32+00:00\",\"description\":\"Szeretn\u00e9d megn\u00e9zni a r\u00f3zsasz\u00edn flaming\u00f3kat Veneto tartom\u00e1nyban? \u00c9ld meg ezt a kalandot nyaral\u00e1sod alatt a Camping Ca\u2019Savio-ban \u2013 lag\u00fana, term\u00e9szet, felfedez\u00e9s \u00e9s tisztelet.\",\"breadcrumb\":{\"@id\":\"https:\/\/www.casavio.com\/hu\/blog\/a-rozsaszin-flamingok-venetoban-az-eg-a-laguna-es-a-szines-tollak-kozott\/#breadcrumb\"},\"inLanguage\":\"hu\",\"potentialAction\":[{\"@type\":\"ReadAction\",\"target\":[\"https:\/\/www.casavio.com\/hu\/blog\/a-rozsaszin-flamingok-venetoban-az-eg-a-laguna-es-a-szines-tollak-kozott\/\"]}]},{\"@type\":\"ImageObject\",\"inLanguage\":\"hu\",\"@id\":\"https:\/\/www.casavio.com\/hu\/blog\/a-rozsaszin-flamingok-venetoban-az-eg-a-laguna-es-a-szines-tollak-kozott\/#primaryimage\",\"url\":\"https:\/\/www.casavio.com\/wp-content\/uploads\/2025\/02\/fenicotteri-cavallino.jpg\",\"contentUrl\":\"https:\/\/www.casavio.com\/wp-content\/uploads\/2025\/02\/fenicotteri-cavallino.jpg\",\"width\":440,\"height\":600},{\"@type\":\"BreadcrumbList\",\"@id\":\"https:\/\/www.casavio.com\/hu\/blog\/a-rozsaszin-flamingok-venetoban-az-eg-a-laguna-es-a-szines-tollak-kozott\/#breadcrumb\",\"itemListElement\":[{\"@type\":\"ListItem\",\"position\":1,\"name\":\"Home\",\"item\":\"https:\/\/www.casavio.com\/hu\/\"},{\"@type\":\"ListItem\",\"position\":2,\"name\":\"A r\u00f3zsasz\u00edn flaming\u00f3k Venet\u00f3ban: az \u00e9g, a lag\u00fana \u00e9s a sz\u00ednes tollak k\u00f6z\u00f6tt\"}]},{\"@type\":\"WebSite\",\"@id\":\"https:\/\/www.casavio.com\/hu\/#website\",\"url\":\"https:\/\/www.casavio.com\/hu\/\",\"name\":\"Camping Ca&#039; Savio\",\"description\":\"\",\"publisher\":{\"@id\":\"https:\/\/www.casavio.com\/hu\/#organization\"},\"potentialAction\":[{\"@type\":\"SearchAction\",\"target\":{\"@type\":\"EntryPoint\",\"urlTemplate\":\"https:\/\/www.casavio.com\/hu\/?s={search_term_string}\"},\"query-input\":{\"@type\":\"PropertyValueSpecification\",\"valueRequired\":true,\"valueName\":\"search_term_string\"}}],\"inLanguage\":\"hu\"},{\"@type\":\"Organization\",\"@id\":\"https:\/\/www.casavio.com\/hu\/#organization\",\"name\":\"Camping Ca'Savio\",\"url\":\"https:\/\/www.casavio.com\/hu\/\",\"logo\":{\"@type\":\"ImageObject\",\"inLanguage\":\"hu\",\"@id\":\"https:\/\/www.casavio.com\/hu\/#\/schema\/logo\/image\/\",\"url\":\"https:\/\/www.casavio.com\/wp-content\/uploads\/2024\/04\/favicon.png\",\"contentUrl\":\"https:\/\/www.casavio.com\/wp-content\/uploads\/2024\/04\/favicon.png\",\"width\":144,\"height\":144,\"caption\":\"Camping Ca'Savio\"},\"image\":{\"@id\":\"https:\/\/www.casavio.com\/hu\/#\/schema\/logo\/image\/\"},\"sameAs\":[\"https:\/\/www.facebook.com\/campingcasavio\",\"https:\/\/www.instagram.com\/campingcasavio\",\"https:\/\/www.youtube.com\/user\/campingcasavio\"]},{\"@type\":\"Person\",\"@id\":\"https:\/\/www.casavio.com\/hu\/#\/schema\/person\/578772de72c8c7a7bc37952f3c2134e3\",\"name\":\"Silvia Cagnan\"}]}<\/script>\n<!-- \/ Yoast SEO plugin. -->","yoast_head_json":{"title":"A r\u00f3zsasz\u00edn flaming\u00f3k Venet\u00f3ban: az \u00e9g, a lag\u00fana \u00e9s a sz\u00ednes tollak k\u00f6z\u00f6tt &#8211; Camping Ca&#039; Savio","description":"Szeretn\u00e9d megn\u00e9zni a r\u00f3zsasz\u00edn flaming\u00f3kat Veneto tartom\u00e1nyban? \u00c9ld meg ezt a kalandot nyaral\u00e1sod alatt a Camping Ca\u2019Savio-ban \u2013 lag\u00fana, term\u00e9szet, felfedez\u00e9s \u00e9s tisztelet.","robots":{"index":"index","follow":"follow","max-snippet":"max-snippet:-1","max-image-preview":"max-image-preview:large","max-video-preview":"max-video-preview:-1"},"canonical":"https:\/\/www.casavio.com\/hu\/blog\/a-rozsaszin-flamingok-venetoban-az-eg-a-laguna-es-a-szines-tollak-kozott\/","og_locale":"hu_HU","og_type":"article","og_title":"A r\u00f3zsasz\u00edn flaming\u00f3k Venet\u00f3ban: az \u00e9g, a lag\u00fana \u00e9s a sz\u00ednes tollak k\u00f6z\u00f6tt &#8211; Camping Ca&#039; Savio","og_description":"Szeretn\u00e9d megn\u00e9zni a r\u00f3zsasz\u00edn flaming\u00f3kat Veneto tartom\u00e1nyban? \u00c9ld meg ezt a kalandot nyaral\u00e1sod alatt a Camping Ca\u2019Savio-ban \u2013 lag\u00fana, term\u00e9szet, felfedez\u00e9s \u00e9s tisztelet.","og_url":"https:\/\/www.casavio.com\/hu\/blog\/a-rozsaszin-flamingok-venetoban-az-eg-a-laguna-es-a-szines-tollak-kozott\/","og_site_name":"Camping Ca&#039; Savio","article_publisher":"https:\/\/www.facebook.com\/campingcasavio","article_published_time":"2025-07-15T13:54:06+00:00","article_modified_time":"2025-10-02T10:31:32+00:00","og_image":[{"width":440,"height":600,"url":"https:\/\/www.casavio.com\/wp-content\/uploads\/2025\/02\/fenicotteri-cavallino.jpg","type":"image\/jpeg"}],"author":"Silvia Cagnan","twitter_card":"summary_large_image","twitter_misc":{"Szerz\u0151:":"Silvia Cagnan","Becs\u00fclt olvas\u00e1si id\u0151":"1 perc"},"schema":{"@context":"https:\/\/schema.org","@graph":[{"@type":"Article","@id":"https:\/\/www.casavio.com\/hu\/blog\/a-rozsaszin-flamingok-venetoban-az-eg-a-laguna-es-a-szines-tollak-kozott\/#article","isPartOf":{"@id":"https:\/\/www.casavio.com\/hu\/blog\/a-rozsaszin-flamingok-venetoban-az-eg-a-laguna-es-a-szines-tollak-kozott\/"},"author":{"name":"Silvia Cagnan","@id":"https:\/\/www.casavio.com\/hu\/#\/schema\/person\/578772de72c8c7a7bc37952f3c2134e3"},"headline":"A r\u00f3zsasz\u00edn flaming\u00f3k Venet\u00f3ban: az \u00e9g, a lag\u00fana \u00e9s a sz\u00ednes tollak k\u00f6z\u00f6tt","datePublished":"2025-07-15T13:54:06+00:00","dateModified":"2025-10-02T10:31:32+00:00","mainEntityOfPage":{"@id":"https:\/\/www.casavio.com\/hu\/blog\/a-rozsaszin-flamingok-venetoban-az-eg-a-laguna-es-a-szines-tollak-kozott\/"},"wordCount":154,"publisher":{"@id":"https:\/\/www.casavio.com\/hu\/#organization"},"image":{"@id":"https:\/\/www.casavio.com\/hu\/blog\/a-rozsaszin-flamingok-venetoban-az-eg-a-laguna-es-a-szines-tollak-kozott\/#primaryimage"},"thumbnailUrl":"https:\/\/www.casavio.com\/wp-content\/uploads\/2025\/02\/fenicotteri-cavallino.jpg","articleSection":["Cavallino Treporti"],"inLanguage":"hu"},{"@type":"WebPage","@id":"https:\/\/www.casavio.com\/hu\/blog\/a-rozsaszin-flamingok-venetoban-az-eg-a-laguna-es-a-szines-tollak-kozott\/","url":"https:\/\/www.casavio.com\/hu\/blog\/a-rozsaszin-flamingok-venetoban-az-eg-a-laguna-es-a-szines-tollak-kozott\/","name":"A r\u00f3zsasz\u00edn flaming\u00f3k Venet\u00f3ban: az \u00e9g, a lag\u00fana \u00e9s a sz\u00ednes tollak k\u00f6z\u00f6tt &#8211; Camping Ca&#039; Savio","isPartOf":{"@id":"https:\/\/www.casavio.com\/hu\/#website"},"primaryImageOfPage":{"@id":"https:\/\/www.casavio.com\/hu\/blog\/a-rozsaszin-flamingok-venetoban-az-eg-a-laguna-es-a-szines-tollak-kozott\/#primaryimage"},"image":{"@id":"https:\/\/www.casavio.com\/hu\/blog\/a-rozsaszin-flamingok-venetoban-az-eg-a-laguna-es-a-szines-tollak-kozott\/#primaryimage"},"thumbnailUrl":"https:\/\/www.casavio.com\/wp-content\/uploads\/2025\/02\/fenicotteri-cavallino.jpg","datePublished":"2025-07-15T13:54:06+00:00","dateModified":"2025-10-02T10:31:32+00:00","description":"Szeretn\u00e9d megn\u00e9zni a r\u00f3zsasz\u00edn flaming\u00f3kat Veneto tartom\u00e1nyban? \u00c9ld meg ezt a kalandot nyaral\u00e1sod alatt a Camping Ca\u2019Savio-ban \u2013 lag\u00fana, term\u00e9szet, felfedez\u00e9s \u00e9s tisztelet.","breadcrumb":{"@id":"https:\/\/www.casavio.com\/hu\/blog\/a-rozsaszin-flamingok-venetoban-az-eg-a-laguna-es-a-szines-tollak-kozott\/#breadcrumb"},"inLanguage":"hu","potentialAction":[{"@type":"ReadAction","target":["https:\/\/www.casavio.com\/hu\/blog\/a-rozsaszin-flamingok-venetoban-az-eg-a-laguna-es-a-szines-tollak-kozott\/"]}]},{"@type":"ImageObject","inLanguage":"hu","@id":"https:\/\/www.casavio.com\/hu\/blog\/a-rozsaszin-flamingok-venetoban-az-eg-a-laguna-es-a-szines-tollak-kozott\/#primaryimage","url":"https:\/\/www.casavio.com\/wp-content\/uploads\/2025\/02\/fenicotteri-cavallino.jpg","contentUrl":"https:\/\/www.casavio.com\/wp-content\/uploads\/2025\/02\/fenicotteri-cavallino.jpg","width":440,"height":600},{"@type":"BreadcrumbList","@id":"https:\/\/www.casavio.com\/hu\/blog\/a-rozsaszin-flamingok-venetoban-az-eg-a-laguna-es-a-szines-tollak-kozott\/#breadcrumb","itemListElement":[{"@type":"ListItem","position":1,"name":"Home","item":"https:\/\/www.casavio.com\/hu\/"},{"@type":"ListItem","position":2,"name":"A r\u00f3zsasz\u00edn flaming\u00f3k Venet\u00f3ban: az \u00e9g, a lag\u00fana \u00e9s a sz\u00ednes tollak k\u00f6z\u00f6tt"}]},{"@type":"WebSite","@id":"https:\/\/www.casavio.com\/hu\/#website","url":"https:\/\/www.casavio.com\/hu\/","name":"Camping Ca&#039; Savio","description":"","publisher":{"@id":"https:\/\/www.casavio.com\/hu\/#organization"},"potentialAction":[{"@type":"SearchAction","target":{"@type":"EntryPoint","urlTemplate":"https:\/\/www.casavio.com\/hu\/?s={search_term_string}"},"query-input":{"@type":"PropertyValueSpecification","valueRequired":true,"valueName":"search_term_string"}}],"inLanguage":"hu"},{"@type":"Organization","@id":"https:\/\/www.casavio.com\/hu\/#organization","name":"Camping Ca'Savio","url":"https:\/\/www.casavio.com\/hu\/","logo":{"@type":"ImageObject","inLanguage":"hu","@id":"https:\/\/www.casavio.com\/hu\/#\/schema\/logo\/image\/","url":"https:\/\/www.casavio.com\/wp-content\/uploads\/2024\/04\/favicon.png","contentUrl":"https:\/\/www.casavio.com\/wp-content\/uploads\/2024\/04\/favicon.png","width":144,"height":144,"caption":"Camping Ca'Savio"},"image":{"@id":"https:\/\/www.casavio.com\/hu\/#\/schema\/logo\/image\/"},"sameAs":["https:\/\/www.facebook.com\/campingcasavio","https:\/\/www.instagram.com\/campingcasavio","https:\/\/www.youtube.com\/user\/campingcasavio"]},{"@type":"Person","@id":"https:\/\/www.casavio.com\/hu\/#\/schema\/person\/578772de72c8c7a7bc37952f3c2134e3","name":"Silvia Cagnan"}]}},"_links":{"self":[{"href":"https:\/\/www.casavio.com\/hu\/wp-json\/wp\/v2\/posts\/41803","targetHints":{"allow":["GET"]}}],"collection":[{"href":"https:\/\/www.casavio.com\/hu\/wp-json\/wp\/v2\/posts"}],"about":[{"href":"https:\/\/www.casavio.com\/hu\/wp-json\/wp\/v2\/types\/post"}],"author":[{"embeddable":true,"href":"https:\/\/www.casavio.com\/hu\/wp-json\/wp\/v2\/users\/6"}],"replies":[{"embeddable":true,"href":"https:\/\/www.casavio.com\/hu\/wp-json\/wp\/v2\/comments?post=41803"}],"version-history":[{"count":2,"href":"https:\/\/www.casavio.com\/hu\/wp-json\/wp\/v2\/posts\/41803\/revisions"}],"predecessor-version":[{"id":43799,"href":"https:\/\/www.casavio.com\/hu\/wp-json\/wp\/v2\/posts\/41803\/revisions\/43799"}],"wp:featuredmedia":[{"embeddable":true,"href":"https:\/\/www.casavio.com\/hu\/wp-json\/wp\/v2\/media\/37883"}],"wp:attachment":[{"href":"https:\/\/www.casavio.com\/hu\/wp-json\/wp\/v2\/media?parent=41803"}],"wp:term":[{"taxonomy":"category","embeddable":true,"href":"https:\/\/www.casavio.com\/hu\/wp-json\/wp\/v2\/categories?post=41803"},{"taxonomy":"post_tag","embeddable":true,"href":"https:\/\/www.casavio.com\/hu\/wp-json\/wp\/v2\/tags?post=41803"}],"curies":[{"name":"wp","href":"https:\/\/api.w.org\/{rel}","templated":true}]}}