{"id":43039,"date":"2025-08-26T11:19:29","date_gmt":"2025-08-26T09:19:29","guid":{"rendered":"https:\/\/www.casavio.com\/blog\/historic-regatta-of-venice-2025\/"},"modified":"2025-09-26T11:58:36","modified_gmt":"2025-09-26T09:58:36","slug":"velencei-tortenelmi-regatta-2025","status":"publish","type":"post","link":"https:\/\/www.casavio.com\/hu\/blog\/velencei-tortenelmi-regatta-2025\/","title":{"rendered":"Velencei T\u00f6rt\u00e9nelmi Regatta 2025"},"content":{"rendered":"<ul class=\"toc_list\">\n<li><a href=\"#_01\">Regata Storica: \u00e9vsz\u00e1zados esem\u00e9ny<\/a><\/li>\n<li><a href=\"#_02\">A regatta fel\u00e9p\u00edt\u00e9se<\/a><\/li>\n<li><a href=\"#_03\">\u00c9rdekes t\u00e9nyek a versenyr\u0151l<\/a><\/li>\n<li><a href=\"#_04\">A hagyom\u00e1nyos haj\u00f3k a versenyben<\/a><\/li>\n<li><a href=\"#_05\">Hogyan zajlik a velencei t\u00f6rt\u00e9nelmi regatta?<\/a><\/li>\n<li><a href=\"#_06\">A Regata Storica 2025 programja<\/a><\/li>\n<li><a href=\"#_07\">Mi a legjobb m\u00f3dja annak, hogy megtekints\u00fck a Regata Storica-t?<\/a><\/li>\n<\/ul>\n<p>&nbsp;<\/p>\n","protected":false},"excerpt":{"rendered":"<p>Regata Storica: \u00e9vsz\u00e1zados esem\u00e9ny A regatta fel\u00e9p\u00edt\u00e9se \u00c9rdekes t\u00e9nyek a versenyr\u0151l A hagyom\u00e1nyos haj\u00f3k a versenyben Hogyan zajlik a velencei t\u00f6rt\u00e9nelmi regatta? A Regata Storica 2025 programja Mi a legjobb m\u00f3dja annak, hogy megtekints\u00fck a Regata Storica-t? &nbsp;<\/p>\n","protected":false},"author":6,"featured_media":42917,"comment_status":"closed","ping_status":"closed","sticky":false,"template":"","format":"standard","meta":{"_acf_changed":false},"categories":[1605],"tags":[],"class_list":["post-43039","post","type-post","status-publish","format-standard","has-post-thumbnail","hentry","category-discover-venice-en-hu"],"acf":[],"yoast_head":"<!-- This site is optimized with the Yoast SEO plugin v25.3 - https:\/\/yoast.com\/wordpress\/plugins\/seo\/ -->\n<title>Velencei T\u00f6rt\u00e9nelmi Regatta 2025 &#8211; Camping Ca&#039; Savio<\/title>\n<meta name=\"description\" content=\"Ismerje meg Velence h\u00edres t\u00f6rt\u00e9nelmi felvonul\u00e1s\u00e1t \u00e9s az izgalmas velencei evez\u0151s versenyeket, amelyek id\u00e9n szeptember 7-\u00e9n ker\u00fclnek megrendez\u00e9sre.\" \/>\n<meta name=\"robots\" content=\"index, follow, max-snippet:-1, max-image-preview:large, max-video-preview:-1\" \/>\n<link rel=\"canonical\" href=\"https:\/\/www.casavio.com\/hu\/blog\/velencei-tortenelmi-regatta-2025\/\" \/>\n<meta property=\"og:locale\" content=\"hu_HU\" \/>\n<meta property=\"og:type\" content=\"article\" \/>\n<meta property=\"og:title\" content=\"Velencei T\u00f6rt\u00e9nelmi Regatta 2025 &#8211; Camping Ca&#039; Savio\" \/>\n<meta property=\"og:description\" content=\"Ismerje meg Velence h\u00edres t\u00f6rt\u00e9nelmi felvonul\u00e1s\u00e1t \u00e9s az izgalmas velencei evez\u0151s versenyeket, amelyek id\u00e9n szeptember 7-\u00e9n ker\u00fclnek megrendez\u00e9sre.\" \/>\n<meta property=\"og:url\" content=\"https:\/\/www.casavio.com\/hu\/blog\/velencei-tortenelmi-regatta-2025\/\" \/>\n<meta property=\"og:site_name\" content=\"Camping Ca&#039; Savio\" \/>\n<meta property=\"article:publisher\" content=\"https:\/\/www.facebook.com\/campingcasavio\" \/>\n<meta property=\"article:published_time\" content=\"2025-08-26T09:19:29+00:00\" \/>\n<meta property=\"article:modified_time\" content=\"2025-09-26T09:58:36+00:00\" \/>\n<meta property=\"og:image\" content=\"https:\/\/www.casavio.com\/wp-content\/uploads\/2025\/08\/regata-storica-v.jpg\" \/>\n\t<meta property=\"og:image:width\" content=\"440\" \/>\n\t<meta property=\"og:image:height\" content=\"600\" \/>\n\t<meta property=\"og:image:type\" content=\"image\/jpeg\" \/>\n<meta name=\"author\" content=\"Silvia Cagnan\" \/>\n<meta name=\"twitter:card\" content=\"summary_large_image\" \/>\n<meta name=\"twitter:label1\" content=\"Szerz\u0151:\" \/>\n\t<meta name=\"twitter:data1\" content=\"Silvia Cagnan\" \/>\n\t<meta name=\"twitter:label2\" content=\"Becs\u00fclt olvas\u00e1si id\u0151\" \/>\n\t<meta name=\"twitter:data2\" content=\"1 perc\" \/>\n<script type=\"application\/ld+json\" class=\"yoast-schema-graph\">{\"@context\":\"https:\/\/schema.org\",\"@graph\":[{\"@type\":\"Article\",\"@id\":\"https:\/\/www.casavio.com\/hu\/blog\/velencei-tortenelmi-regatta-2025\/#article\",\"isPartOf\":{\"@id\":\"https:\/\/www.casavio.com\/hu\/blog\/velencei-tortenelmi-regatta-2025\/\"},\"author\":{\"name\":\"Silvia Cagnan\",\"@id\":\"https:\/\/www.casavio.com\/hu\/#\/schema\/person\/578772de72c8c7a7bc37952f3c2134e3\"},\"headline\":\"Velencei T\u00f6rt\u00e9nelmi Regatta 2025\",\"datePublished\":\"2025-08-26T09:19:29+00:00\",\"dateModified\":\"2025-09-26T09:58:36+00:00\",\"mainEntityOfPage\":{\"@id\":\"https:\/\/www.casavio.com\/hu\/blog\/velencei-tortenelmi-regatta-2025\/\"},\"wordCount\":55,\"publisher\":{\"@id\":\"https:\/\/www.casavio.com\/hu\/#organization\"},\"image\":{\"@id\":\"https:\/\/www.casavio.com\/hu\/blog\/velencei-tortenelmi-regatta-2025\/#primaryimage\"},\"thumbnailUrl\":\"https:\/\/www.casavio.com\/wp-content\/uploads\/2025\/08\/regata-storica-v.jpg\",\"articleSection\":[\"Discover Venice\"],\"inLanguage\":\"hu\"},{\"@type\":\"WebPage\",\"@id\":\"https:\/\/www.casavio.com\/hu\/blog\/velencei-tortenelmi-regatta-2025\/\",\"url\":\"https:\/\/www.casavio.com\/hu\/blog\/velencei-tortenelmi-regatta-2025\/\",\"name\":\"Velencei T\u00f6rt\u00e9nelmi Regatta 2025 &#8211; Camping Ca&#039; Savio\",\"isPartOf\":{\"@id\":\"https:\/\/www.casavio.com\/hu\/#website\"},\"primaryImageOfPage\":{\"@id\":\"https:\/\/www.casavio.com\/hu\/blog\/velencei-tortenelmi-regatta-2025\/#primaryimage\"},\"image\":{\"@id\":\"https:\/\/www.casavio.com\/hu\/blog\/velencei-tortenelmi-regatta-2025\/#primaryimage\"},\"thumbnailUrl\":\"https:\/\/www.casavio.com\/wp-content\/uploads\/2025\/08\/regata-storica-v.jpg\",\"datePublished\":\"2025-08-26T09:19:29+00:00\",\"dateModified\":\"2025-09-26T09:58:36+00:00\",\"description\":\"Ismerje meg Velence h\u00edres t\u00f6rt\u00e9nelmi felvonul\u00e1s\u00e1t \u00e9s az izgalmas velencei evez\u0151s versenyeket, amelyek id\u00e9n szeptember 7-\u00e9n ker\u00fclnek megrendez\u00e9sre.\",\"breadcrumb\":{\"@id\":\"https:\/\/www.casavio.com\/hu\/blog\/velencei-tortenelmi-regatta-2025\/#breadcrumb\"},\"inLanguage\":\"hu\",\"potentialAction\":[{\"@type\":\"ReadAction\",\"target\":[\"https:\/\/www.casavio.com\/hu\/blog\/velencei-tortenelmi-regatta-2025\/\"]}]},{\"@type\":\"ImageObject\",\"inLanguage\":\"hu\",\"@id\":\"https:\/\/www.casavio.com\/hu\/blog\/velencei-tortenelmi-regatta-2025\/#primaryimage\",\"url\":\"https:\/\/www.casavio.com\/wp-content\/uploads\/2025\/08\/regata-storica-v.jpg\",\"contentUrl\":\"https:\/\/www.casavio.com\/wp-content\/uploads\/2025\/08\/regata-storica-v.jpg\",\"width\":440,\"height\":600},{\"@type\":\"BreadcrumbList\",\"@id\":\"https:\/\/www.casavio.com\/hu\/blog\/velencei-tortenelmi-regatta-2025\/#breadcrumb\",\"itemListElement\":[{\"@type\":\"ListItem\",\"position\":1,\"name\":\"Home\",\"item\":\"https:\/\/www.casavio.com\/hu\/\"},{\"@type\":\"ListItem\",\"position\":2,\"name\":\"Velencei T\u00f6rt\u00e9nelmi Regatta 2025\"}]},{\"@type\":\"WebSite\",\"@id\":\"https:\/\/www.casavio.com\/hu\/#website\",\"url\":\"https:\/\/www.casavio.com\/hu\/\",\"name\":\"Camping Ca&#039; Savio\",\"description\":\"\",\"publisher\":{\"@id\":\"https:\/\/www.casavio.com\/hu\/#organization\"},\"potentialAction\":[{\"@type\":\"SearchAction\",\"target\":{\"@type\":\"EntryPoint\",\"urlTemplate\":\"https:\/\/www.casavio.com\/hu\/?s={search_term_string}\"},\"query-input\":{\"@type\":\"PropertyValueSpecification\",\"valueRequired\":true,\"valueName\":\"search_term_string\"}}],\"inLanguage\":\"hu\"},{\"@type\":\"Organization\",\"@id\":\"https:\/\/www.casavio.com\/hu\/#organization\",\"name\":\"Camping Ca'Savio\",\"url\":\"https:\/\/www.casavio.com\/hu\/\",\"logo\":{\"@type\":\"ImageObject\",\"inLanguage\":\"hu\",\"@id\":\"https:\/\/www.casavio.com\/hu\/#\/schema\/logo\/image\/\",\"url\":\"https:\/\/www.casavio.com\/wp-content\/uploads\/2024\/04\/favicon.png\",\"contentUrl\":\"https:\/\/www.casavio.com\/wp-content\/uploads\/2024\/04\/favicon.png\",\"width\":144,\"height\":144,\"caption\":\"Camping Ca'Savio\"},\"image\":{\"@id\":\"https:\/\/www.casavio.com\/hu\/#\/schema\/logo\/image\/\"},\"sameAs\":[\"https:\/\/www.facebook.com\/campingcasavio\",\"https:\/\/www.instagram.com\/campingcasavio\",\"https:\/\/www.youtube.com\/user\/campingcasavio\"]},{\"@type\":\"Person\",\"@id\":\"https:\/\/www.casavio.com\/hu\/#\/schema\/person\/578772de72c8c7a7bc37952f3c2134e3\",\"name\":\"Silvia Cagnan\"}]}<\/script>\n<!-- \/ Yoast SEO plugin. -->","yoast_head_json":{"title":"Velencei T\u00f6rt\u00e9nelmi Regatta 2025 &#8211; Camping Ca&#039; Savio","description":"Ismerje meg Velence h\u00edres t\u00f6rt\u00e9nelmi felvonul\u00e1s\u00e1t \u00e9s az izgalmas velencei evez\u0151s versenyeket, amelyek id\u00e9n szeptember 7-\u00e9n ker\u00fclnek megrendez\u00e9sre.","robots":{"index":"index","follow":"follow","max-snippet":"max-snippet:-1","max-image-preview":"max-image-preview:large","max-video-preview":"max-video-preview:-1"},"canonical":"https:\/\/www.casavio.com\/hu\/blog\/velencei-tortenelmi-regatta-2025\/","og_locale":"hu_HU","og_type":"article","og_title":"Velencei T\u00f6rt\u00e9nelmi Regatta 2025 &#8211; Camping Ca&#039; Savio","og_description":"Ismerje meg Velence h\u00edres t\u00f6rt\u00e9nelmi felvonul\u00e1s\u00e1t \u00e9s az izgalmas velencei evez\u0151s versenyeket, amelyek id\u00e9n szeptember 7-\u00e9n ker\u00fclnek megrendez\u00e9sre.","og_url":"https:\/\/www.casavio.com\/hu\/blog\/velencei-tortenelmi-regatta-2025\/","og_site_name":"Camping Ca&#039; Savio","article_publisher":"https:\/\/www.facebook.com\/campingcasavio","article_published_time":"2025-08-26T09:19:29+00:00","article_modified_time":"2025-09-26T09:58:36+00:00","og_image":[{"width":440,"height":600,"url":"https:\/\/www.casavio.com\/wp-content\/uploads\/2025\/08\/regata-storica-v.jpg","type":"image\/jpeg"}],"author":"Silvia Cagnan","twitter_card":"summary_large_image","twitter_misc":{"Szerz\u0151:":"Silvia Cagnan","Becs\u00fclt olvas\u00e1si id\u0151":"1 perc"},"schema":{"@context":"https:\/\/schema.org","@graph":[{"@type":"Article","@id":"https:\/\/www.casavio.com\/hu\/blog\/velencei-tortenelmi-regatta-2025\/#article","isPartOf":{"@id":"https:\/\/www.casavio.com\/hu\/blog\/velencei-tortenelmi-regatta-2025\/"},"author":{"name":"Silvia Cagnan","@id":"https:\/\/www.casavio.com\/hu\/#\/schema\/person\/578772de72c8c7a7bc37952f3c2134e3"},"headline":"Velencei T\u00f6rt\u00e9nelmi Regatta 2025","datePublished":"2025-08-26T09:19:29+00:00","dateModified":"2025-09-26T09:58:36+00:00","mainEntityOfPage":{"@id":"https:\/\/www.casavio.com\/hu\/blog\/velencei-tortenelmi-regatta-2025\/"},"wordCount":55,"publisher":{"@id":"https:\/\/www.casavio.com\/hu\/#organization"},"image":{"@id":"https:\/\/www.casavio.com\/hu\/blog\/velencei-tortenelmi-regatta-2025\/#primaryimage"},"thumbnailUrl":"https:\/\/www.casavio.com\/wp-content\/uploads\/2025\/08\/regata-storica-v.jpg","articleSection":["Discover Venice"],"inLanguage":"hu"},{"@type":"WebPage","@id":"https:\/\/www.casavio.com\/hu\/blog\/velencei-tortenelmi-regatta-2025\/","url":"https:\/\/www.casavio.com\/hu\/blog\/velencei-tortenelmi-regatta-2025\/","name":"Velencei T\u00f6rt\u00e9nelmi Regatta 2025 &#8211; Camping Ca&#039; Savio","isPartOf":{"@id":"https:\/\/www.casavio.com\/hu\/#website"},"primaryImageOfPage":{"@id":"https:\/\/www.casavio.com\/hu\/blog\/velencei-tortenelmi-regatta-2025\/#primaryimage"},"image":{"@id":"https:\/\/www.casavio.com\/hu\/blog\/velencei-tortenelmi-regatta-2025\/#primaryimage"},"thumbnailUrl":"https:\/\/www.casavio.com\/wp-content\/uploads\/2025\/08\/regata-storica-v.jpg","datePublished":"2025-08-26T09:19:29+00:00","dateModified":"2025-09-26T09:58:36+00:00","description":"Ismerje meg Velence h\u00edres t\u00f6rt\u00e9nelmi felvonul\u00e1s\u00e1t \u00e9s az izgalmas velencei evez\u0151s versenyeket, amelyek id\u00e9n szeptember 7-\u00e9n ker\u00fclnek megrendez\u00e9sre.","breadcrumb":{"@id":"https:\/\/www.casavio.com\/hu\/blog\/velencei-tortenelmi-regatta-2025\/#breadcrumb"},"inLanguage":"hu","potentialAction":[{"@type":"ReadAction","target":["https:\/\/www.casavio.com\/hu\/blog\/velencei-tortenelmi-regatta-2025\/"]}]},{"@type":"ImageObject","inLanguage":"hu","@id":"https:\/\/www.casavio.com\/hu\/blog\/velencei-tortenelmi-regatta-2025\/#primaryimage","url":"https:\/\/www.casavio.com\/wp-content\/uploads\/2025\/08\/regata-storica-v.jpg","contentUrl":"https:\/\/www.casavio.com\/wp-content\/uploads\/2025\/08\/regata-storica-v.jpg","width":440,"height":600},{"@type":"BreadcrumbList","@id":"https:\/\/www.casavio.com\/hu\/blog\/velencei-tortenelmi-regatta-2025\/#breadcrumb","itemListElement":[{"@type":"ListItem","position":1,"name":"Home","item":"https:\/\/www.casavio.com\/hu\/"},{"@type":"ListItem","position":2,"name":"Velencei T\u00f6rt\u00e9nelmi Regatta 2025"}]},{"@type":"WebSite","@id":"https:\/\/www.casavio.com\/hu\/#website","url":"https:\/\/www.casavio.com\/hu\/","name":"Camping Ca&#039; Savio","description":"","publisher":{"@id":"https:\/\/www.casavio.com\/hu\/#organization"},"potentialAction":[{"@type":"SearchAction","target":{"@type":"EntryPoint","urlTemplate":"https:\/\/www.casavio.com\/hu\/?s={search_term_string}"},"query-input":{"@type":"PropertyValueSpecification","valueRequired":true,"valueName":"search_term_string"}}],"inLanguage":"hu"},{"@type":"Organization","@id":"https:\/\/www.casavio.com\/hu\/#organization","name":"Camping Ca'Savio","url":"https:\/\/www.casavio.com\/hu\/","logo":{"@type":"ImageObject","inLanguage":"hu","@id":"https:\/\/www.casavio.com\/hu\/#\/schema\/logo\/image\/","url":"https:\/\/www.casavio.com\/wp-content\/uploads\/2024\/04\/favicon.png","contentUrl":"https:\/\/www.casavio.com\/wp-content\/uploads\/2024\/04\/favicon.png","width":144,"height":144,"caption":"Camping Ca'Savio"},"image":{"@id":"https:\/\/www.casavio.com\/hu\/#\/schema\/logo\/image\/"},"sameAs":["https:\/\/www.facebook.com\/campingcasavio","https:\/\/www.instagram.com\/campingcasavio","https:\/\/www.youtube.com\/user\/campingcasavio"]},{"@type":"Person","@id":"https:\/\/www.casavio.com\/hu\/#\/schema\/person\/578772de72c8c7a7bc37952f3c2134e3","name":"Silvia Cagnan"}]}},"_links":{"self":[{"href":"https:\/\/www.casavio.com\/hu\/wp-json\/wp\/v2\/posts\/43039","targetHints":{"allow":["GET"]}}],"collection":[{"href":"https:\/\/www.casavio.com\/hu\/wp-json\/wp\/v2\/posts"}],"about":[{"href":"https:\/\/www.casavio.com\/hu\/wp-json\/wp\/v2\/types\/post"}],"author":[{"embeddable":true,"href":"https:\/\/www.casavio.com\/hu\/wp-json\/wp\/v2\/users\/6"}],"replies":[{"embeddable":true,"href":"https:\/\/www.casavio.com\/hu\/wp-json\/wp\/v2\/comments?post=43039"}],"version-history":[{"count":2,"href":"https:\/\/www.casavio.com\/hu\/wp-json\/wp\/v2\/posts\/43039\/revisions"}],"predecessor-version":[{"id":43735,"href":"https:\/\/www.casavio.com\/hu\/wp-json\/wp\/v2\/posts\/43039\/revisions\/43735"}],"wp:featuredmedia":[{"embeddable":true,"href":"https:\/\/www.casavio.com\/hu\/wp-json\/wp\/v2\/media\/42917"}],"wp:attachment":[{"href":"https:\/\/www.casavio.com\/hu\/wp-json\/wp\/v2\/media?parent=43039"}],"wp:term":[{"taxonomy":"category","embeddable":true,"href":"https:\/\/www.casavio.com\/hu\/wp-json\/wp\/v2\/categories?post=43039"},{"taxonomy":"post_tag","embeddable":true,"href":"https:\/\/www.casavio.com\/hu\/wp-json\/wp\/v2\/tags?post=43039"}],"curies":[{"name":"wp","href":"https:\/\/api.w.org\/{rel}","templated":true}]}}