{"id":45481,"date":"2026-01-14T12:09:10","date_gmt":"2026-01-14T11:09:10","guid":{"rendered":"https:\/\/www.casavio.com\/blog\/from-the-alps-to-the-adriatic-sea-a-journey-through-italy-to-cavallino\/"},"modified":"2026-01-21T10:44:59","modified_gmt":"2026-01-21T09:44:59","slug":"az-alpoktol-az-adriai-tengerig-utazas-olaszorszagon-at-cavallinoig","status":"publish","type":"post","link":"https:\/\/www.casavio.com\/hu\/blog\/az-alpoktol-az-adriai-tengerig-utazas-olaszorszagon-at-cavallinoig\/","title":{"rendered":"Az Alpokt\u00f3l az Adriai-tengerig: utaz\u00e1s Olaszorsz\u00e1gon \u00e1t Cavallinoig"},"content":{"rendered":"<ul class=\"toc_list\">\n<li><a href=\"#_1\">Como-t\u00f3 vagy Garda-t\u00f3<\/a><\/li>\n<li><a href=\"#_2\">Az Alpok \u00e9s a rejtett tavak<\/a><\/li>\n<li><a href=\"#_3\">Cortina d\u2019Ampezzo: a Dolomitok kir\u00e1lyn\u0151je<\/a><\/li>\n<li><a href=\"#_4\">Val di Non<\/a><\/li>\n<li><a href=\"#_5\">Molveno-t\u00f3<\/a><\/li>\n<li><a href=\"#_6\">Valsugana \u00e9s a Caldonazzo-t\u00f3<\/a><\/li>\n<li><a href=\"#_7\">Veneto belter\u00fclete: falvak \u00e9s kisv\u00e1rosok<\/a><\/li>\n<li><a href=\"#_8\">Possagno<\/a><\/li>\n<li><a href=\"#_9\">Asolo<\/a><\/li>\n<li><a href=\"#_10\">Marostica \u00e9s Cittadella<\/a><\/li>\n<li><a href=\"#_11\">Brenta-part \u00e9s velencei vill\u00e1k<\/a><\/li>\n<li><a href=\"#_12\">Euganei-hegys\u00e9g<\/a><\/li>\n<li><a href=\"#_13\">Friuli-Venezia Giulia v\u00e1rosai<\/a><\/li>\n<li><a href=\"#_14\">Udine<\/a><\/li>\n<li><a href=\"#_15\">Palmanova<\/a><\/li>\n<li><a href=\"#_16\">Az Adriai-tenger<\/a><\/li>\n<li><a href=\"#_17\">Camping Ca\u2019Savio<\/a><\/li>\n<\/ul>\n","protected":false},"excerpt":{"rendered":"<p>Como-t\u00f3 vagy Garda-t\u00f3 Az Alpok \u00e9s a rejtett tavak Cortina d\u2019Ampezzo: a Dolomitok kir\u00e1lyn\u0151je Val di Non Molveno-t\u00f3 Valsugana \u00e9s a Caldonazzo-t\u00f3 Veneto belter\u00fclete: falvak \u00e9s kisv\u00e1rosok Possagno Asolo Marostica \u00e9s Cittadella Brenta-part \u00e9s velencei vill\u00e1k Euganei-hegys\u00e9g Friuli-Venezia Giulia v\u00e1rosai Udine Palmanova Az Adriai-tenger Camping Ca\u2019Savio<\/p>\n","protected":false},"author":6,"featured_media":45460,"comment_status":"closed","ping_status":"closed","sticky":false,"template":"","format":"standard","meta":{"_acf_changed":false},"categories":[1605],"tags":[],"class_list":["post-45481","post","type-post","status-publish","format-standard","has-post-thumbnail","hentry","category-discover-venice-en-hu"],"acf":[],"yoast_head":"<!-- This site is optimized with the Yoast SEO plugin v25.3 - https:\/\/yoast.com\/wordpress\/plugins\/seo\/ -->\n<title>Az Alpokt\u00f3l az Adriai-tengerig: utaz\u00e1s Olaszorsz\u00e1gon \u00e1t Cavallinoig &#8211; Camping Ca&#039; Savio<\/title>\n<meta name=\"description\" content=\"Alternat\u00edv \u00fatvonal az Alpokt\u00f3l az Adriai-tengerig: titkos tavak, velencei falvak \u00e9s kev\u00e9sb\u00e9 n\u00e9pszer\u0171 kultur\u00e1lis c\u00e9lpontok a Camping Ca&#039;Savio kemping fel\u00e9 vezet\u0151 \u00faton Cavallin\u00f3ban.\" \/>\n<meta name=\"robots\" content=\"index, follow, max-snippet:-1, max-image-preview:large, max-video-preview:-1\" \/>\n<link rel=\"canonical\" href=\"https:\/\/www.casavio.com\/hu\/blog\/az-alpoktol-az-adriai-tengerig-utazas-olaszorszagon-at-cavallinoig\/\" \/>\n<meta property=\"og:locale\" content=\"hu_HU\" \/>\n<meta property=\"og:type\" content=\"article\" \/>\n<meta property=\"og:title\" content=\"Az Alpokt\u00f3l az Adriai-tengerig: utaz\u00e1s Olaszorsz\u00e1gon \u00e1t Cavallinoig &#8211; Camping Ca&#039; Savio\" \/>\n<meta property=\"og:description\" content=\"Alternat\u00edv \u00fatvonal az Alpokt\u00f3l az Adriai-tengerig: titkos tavak, velencei falvak \u00e9s kev\u00e9sb\u00e9 n\u00e9pszer\u0171 kultur\u00e1lis c\u00e9lpontok a Camping Ca&#039;Savio kemping fel\u00e9 vezet\u0151 \u00faton Cavallin\u00f3ban.\" \/>\n<meta property=\"og:url\" content=\"https:\/\/www.casavio.com\/hu\/blog\/az-alpoktol-az-adriai-tengerig-utazas-olaszorszagon-at-cavallinoig\/\" \/>\n<meta property=\"og:site_name\" content=\"Camping Ca&#039; Savio\" \/>\n<meta property=\"article:publisher\" content=\"https:\/\/www.facebook.com\/campingcasavio\" \/>\n<meta property=\"article:published_time\" content=\"2026-01-14T11:09:10+00:00\" \/>\n<meta property=\"article:modified_time\" content=\"2026-01-21T09:44:59+00:00\" \/>\n<meta property=\"og:image\" content=\"https:\/\/www.casavio.com\/wp-content\/uploads\/2026\/01\/lago-di-garda_v.jpg\" \/>\n\t<meta property=\"og:image:width\" content=\"440\" \/>\n\t<meta property=\"og:image:height\" content=\"600\" \/>\n\t<meta property=\"og:image:type\" content=\"image\/jpeg\" \/>\n<meta name=\"author\" content=\"Silvia Cagnan\" \/>\n<meta name=\"twitter:card\" content=\"summary_large_image\" \/>\n<meta name=\"twitter:label1\" content=\"Szerz\u0151:\" \/>\n\t<meta name=\"twitter:data1\" content=\"Silvia Cagnan\" \/>\n\t<meta name=\"twitter:label2\" content=\"Becs\u00fclt olvas\u00e1si id\u0151\" \/>\n\t<meta name=\"twitter:data2\" content=\"1 perc\" \/>\n<script type=\"application\/ld+json\" class=\"yoast-schema-graph\">{\"@context\":\"https:\/\/schema.org\",\"@graph\":[{\"@type\":\"Article\",\"@id\":\"https:\/\/www.casavio.com\/hu\/blog\/az-alpoktol-az-adriai-tengerig-utazas-olaszorszagon-at-cavallinoig\/#article\",\"isPartOf\":{\"@id\":\"https:\/\/www.casavio.com\/hu\/blog\/az-alpoktol-az-adriai-tengerig-utazas-olaszorszagon-at-cavallinoig\/\"},\"author\":{\"name\":\"Silvia Cagnan\",\"@id\":\"https:\/\/www.casavio.com\/hu\/#\/schema\/person\/578772de72c8c7a7bc37952f3c2134e3\"},\"headline\":\"Az Alpokt\u00f3l az Adriai-tengerig: utaz\u00e1s Olaszorsz\u00e1gon \u00e1t Cavallinoig\",\"datePublished\":\"2026-01-14T11:09:10+00:00\",\"dateModified\":\"2026-01-21T09:44:59+00:00\",\"mainEntityOfPage\":{\"@id\":\"https:\/\/www.casavio.com\/hu\/blog\/az-alpoktol-az-adriai-tengerig-utazas-olaszorszagon-at-cavallinoig\/\"},\"wordCount\":66,\"publisher\":{\"@id\":\"https:\/\/www.casavio.com\/hu\/#organization\"},\"image\":{\"@id\":\"https:\/\/www.casavio.com\/hu\/blog\/az-alpoktol-az-adriai-tengerig-utazas-olaszorszagon-at-cavallinoig\/#primaryimage\"},\"thumbnailUrl\":\"https:\/\/www.casavio.com\/wp-content\/uploads\/2026\/01\/lago-di-garda_v.jpg\",\"articleSection\":[\"Discover Venice\"],\"inLanguage\":\"hu\"},{\"@type\":\"WebPage\",\"@id\":\"https:\/\/www.casavio.com\/hu\/blog\/az-alpoktol-az-adriai-tengerig-utazas-olaszorszagon-at-cavallinoig\/\",\"url\":\"https:\/\/www.casavio.com\/hu\/blog\/az-alpoktol-az-adriai-tengerig-utazas-olaszorszagon-at-cavallinoig\/\",\"name\":\"Az Alpokt\u00f3l az Adriai-tengerig: utaz\u00e1s Olaszorsz\u00e1gon \u00e1t Cavallinoig &#8211; Camping Ca&#039; Savio\",\"isPartOf\":{\"@id\":\"https:\/\/www.casavio.com\/hu\/#website\"},\"primaryImageOfPage\":{\"@id\":\"https:\/\/www.casavio.com\/hu\/blog\/az-alpoktol-az-adriai-tengerig-utazas-olaszorszagon-at-cavallinoig\/#primaryimage\"},\"image\":{\"@id\":\"https:\/\/www.casavio.com\/hu\/blog\/az-alpoktol-az-adriai-tengerig-utazas-olaszorszagon-at-cavallinoig\/#primaryimage\"},\"thumbnailUrl\":\"https:\/\/www.casavio.com\/wp-content\/uploads\/2026\/01\/lago-di-garda_v.jpg\",\"datePublished\":\"2026-01-14T11:09:10+00:00\",\"dateModified\":\"2026-01-21T09:44:59+00:00\",\"description\":\"Alternat\u00edv \u00fatvonal az Alpokt\u00f3l az Adriai-tengerig: titkos tavak, velencei falvak \u00e9s kev\u00e9sb\u00e9 n\u00e9pszer\u0171 kultur\u00e1lis c\u00e9lpontok a Camping Ca'Savio kemping fel\u00e9 vezet\u0151 \u00faton Cavallin\u00f3ban.\",\"breadcrumb\":{\"@id\":\"https:\/\/www.casavio.com\/hu\/blog\/az-alpoktol-az-adriai-tengerig-utazas-olaszorszagon-at-cavallinoig\/#breadcrumb\"},\"inLanguage\":\"hu\",\"potentialAction\":[{\"@type\":\"ReadAction\",\"target\":[\"https:\/\/www.casavio.com\/hu\/blog\/az-alpoktol-az-adriai-tengerig-utazas-olaszorszagon-at-cavallinoig\/\"]}]},{\"@type\":\"ImageObject\",\"inLanguage\":\"hu\",\"@id\":\"https:\/\/www.casavio.com\/hu\/blog\/az-alpoktol-az-adriai-tengerig-utazas-olaszorszagon-at-cavallinoig\/#primaryimage\",\"url\":\"https:\/\/www.casavio.com\/wp-content\/uploads\/2026\/01\/lago-di-garda_v.jpg\",\"contentUrl\":\"https:\/\/www.casavio.com\/wp-content\/uploads\/2026\/01\/lago-di-garda_v.jpg\",\"width\":440,\"height\":600},{\"@type\":\"BreadcrumbList\",\"@id\":\"https:\/\/www.casavio.com\/hu\/blog\/az-alpoktol-az-adriai-tengerig-utazas-olaszorszagon-at-cavallinoig\/#breadcrumb\",\"itemListElement\":[{\"@type\":\"ListItem\",\"position\":1,\"name\":\"Home\",\"item\":\"https:\/\/www.casavio.com\/hu\/\"},{\"@type\":\"ListItem\",\"position\":2,\"name\":\"Az Alpokt\u00f3l az Adriai-tengerig: utaz\u00e1s Olaszorsz\u00e1gon \u00e1t Cavallinoig\"}]},{\"@type\":\"WebSite\",\"@id\":\"https:\/\/www.casavio.com\/hu\/#website\",\"url\":\"https:\/\/www.casavio.com\/hu\/\",\"name\":\"Camping Ca&#039; Savio\",\"description\":\"\",\"publisher\":{\"@id\":\"https:\/\/www.casavio.com\/hu\/#organization\"},\"potentialAction\":[{\"@type\":\"SearchAction\",\"target\":{\"@type\":\"EntryPoint\",\"urlTemplate\":\"https:\/\/www.casavio.com\/hu\/?s={search_term_string}\"},\"query-input\":{\"@type\":\"PropertyValueSpecification\",\"valueRequired\":true,\"valueName\":\"search_term_string\"}}],\"inLanguage\":\"hu\"},{\"@type\":\"Organization\",\"@id\":\"https:\/\/www.casavio.com\/hu\/#organization\",\"name\":\"Camping Ca'Savio\",\"url\":\"https:\/\/www.casavio.com\/hu\/\",\"logo\":{\"@type\":\"ImageObject\",\"inLanguage\":\"hu\",\"@id\":\"https:\/\/www.casavio.com\/hu\/#\/schema\/logo\/image\/\",\"url\":\"https:\/\/www.casavio.com\/wp-content\/uploads\/2024\/04\/favicon.png\",\"contentUrl\":\"https:\/\/www.casavio.com\/wp-content\/uploads\/2024\/04\/favicon.png\",\"width\":144,\"height\":144,\"caption\":\"Camping Ca'Savio\"},\"image\":{\"@id\":\"https:\/\/www.casavio.com\/hu\/#\/schema\/logo\/image\/\"},\"sameAs\":[\"https:\/\/www.facebook.com\/campingcasavio\",\"https:\/\/www.instagram.com\/campingcasavio\",\"https:\/\/www.youtube.com\/user\/campingcasavio\"]},{\"@type\":\"Person\",\"@id\":\"https:\/\/www.casavio.com\/hu\/#\/schema\/person\/578772de72c8c7a7bc37952f3c2134e3\",\"name\":\"Silvia Cagnan\"}]}<\/script>\n<!-- \/ Yoast SEO plugin. -->","yoast_head_json":{"title":"Az Alpokt\u00f3l az Adriai-tengerig: utaz\u00e1s Olaszorsz\u00e1gon \u00e1t Cavallinoig &#8211; Camping Ca&#039; Savio","description":"Alternat\u00edv \u00fatvonal az Alpokt\u00f3l az Adriai-tengerig: titkos tavak, velencei falvak \u00e9s kev\u00e9sb\u00e9 n\u00e9pszer\u0171 kultur\u00e1lis c\u00e9lpontok a Camping Ca'Savio kemping fel\u00e9 vezet\u0151 \u00faton Cavallin\u00f3ban.","robots":{"index":"index","follow":"follow","max-snippet":"max-snippet:-1","max-image-preview":"max-image-preview:large","max-video-preview":"max-video-preview:-1"},"canonical":"https:\/\/www.casavio.com\/hu\/blog\/az-alpoktol-az-adriai-tengerig-utazas-olaszorszagon-at-cavallinoig\/","og_locale":"hu_HU","og_type":"article","og_title":"Az Alpokt\u00f3l az Adriai-tengerig: utaz\u00e1s Olaszorsz\u00e1gon \u00e1t Cavallinoig &#8211; Camping Ca&#039; Savio","og_description":"Alternat\u00edv \u00fatvonal az Alpokt\u00f3l az Adriai-tengerig: titkos tavak, velencei falvak \u00e9s kev\u00e9sb\u00e9 n\u00e9pszer\u0171 kultur\u00e1lis c\u00e9lpontok a Camping Ca'Savio kemping fel\u00e9 vezet\u0151 \u00faton Cavallin\u00f3ban.","og_url":"https:\/\/www.casavio.com\/hu\/blog\/az-alpoktol-az-adriai-tengerig-utazas-olaszorszagon-at-cavallinoig\/","og_site_name":"Camping Ca&#039; Savio","article_publisher":"https:\/\/www.facebook.com\/campingcasavio","article_published_time":"2026-01-14T11:09:10+00:00","article_modified_time":"2026-01-21T09:44:59+00:00","og_image":[{"width":440,"height":600,"url":"https:\/\/www.casavio.com\/wp-content\/uploads\/2026\/01\/lago-di-garda_v.jpg","type":"image\/jpeg"}],"author":"Silvia Cagnan","twitter_card":"summary_large_image","twitter_misc":{"Szerz\u0151:":"Silvia Cagnan","Becs\u00fclt olvas\u00e1si id\u0151":"1 perc"},"schema":{"@context":"https:\/\/schema.org","@graph":[{"@type":"Article","@id":"https:\/\/www.casavio.com\/hu\/blog\/az-alpoktol-az-adriai-tengerig-utazas-olaszorszagon-at-cavallinoig\/#article","isPartOf":{"@id":"https:\/\/www.casavio.com\/hu\/blog\/az-alpoktol-az-adriai-tengerig-utazas-olaszorszagon-at-cavallinoig\/"},"author":{"name":"Silvia Cagnan","@id":"https:\/\/www.casavio.com\/hu\/#\/schema\/person\/578772de72c8c7a7bc37952f3c2134e3"},"headline":"Az Alpokt\u00f3l az Adriai-tengerig: utaz\u00e1s Olaszorsz\u00e1gon \u00e1t Cavallinoig","datePublished":"2026-01-14T11:09:10+00:00","dateModified":"2026-01-21T09:44:59+00:00","mainEntityOfPage":{"@id":"https:\/\/www.casavio.com\/hu\/blog\/az-alpoktol-az-adriai-tengerig-utazas-olaszorszagon-at-cavallinoig\/"},"wordCount":66,"publisher":{"@id":"https:\/\/www.casavio.com\/hu\/#organization"},"image":{"@id":"https:\/\/www.casavio.com\/hu\/blog\/az-alpoktol-az-adriai-tengerig-utazas-olaszorszagon-at-cavallinoig\/#primaryimage"},"thumbnailUrl":"https:\/\/www.casavio.com\/wp-content\/uploads\/2026\/01\/lago-di-garda_v.jpg","articleSection":["Discover Venice"],"inLanguage":"hu"},{"@type":"WebPage","@id":"https:\/\/www.casavio.com\/hu\/blog\/az-alpoktol-az-adriai-tengerig-utazas-olaszorszagon-at-cavallinoig\/","url":"https:\/\/www.casavio.com\/hu\/blog\/az-alpoktol-az-adriai-tengerig-utazas-olaszorszagon-at-cavallinoig\/","name":"Az Alpokt\u00f3l az Adriai-tengerig: utaz\u00e1s Olaszorsz\u00e1gon \u00e1t Cavallinoig &#8211; Camping Ca&#039; Savio","isPartOf":{"@id":"https:\/\/www.casavio.com\/hu\/#website"},"primaryImageOfPage":{"@id":"https:\/\/www.casavio.com\/hu\/blog\/az-alpoktol-az-adriai-tengerig-utazas-olaszorszagon-at-cavallinoig\/#primaryimage"},"image":{"@id":"https:\/\/www.casavio.com\/hu\/blog\/az-alpoktol-az-adriai-tengerig-utazas-olaszorszagon-at-cavallinoig\/#primaryimage"},"thumbnailUrl":"https:\/\/www.casavio.com\/wp-content\/uploads\/2026\/01\/lago-di-garda_v.jpg","datePublished":"2026-01-14T11:09:10+00:00","dateModified":"2026-01-21T09:44:59+00:00","description":"Alternat\u00edv \u00fatvonal az Alpokt\u00f3l az Adriai-tengerig: titkos tavak, velencei falvak \u00e9s kev\u00e9sb\u00e9 n\u00e9pszer\u0171 kultur\u00e1lis c\u00e9lpontok a Camping Ca'Savio kemping fel\u00e9 vezet\u0151 \u00faton Cavallin\u00f3ban.","breadcrumb":{"@id":"https:\/\/www.casavio.com\/hu\/blog\/az-alpoktol-az-adriai-tengerig-utazas-olaszorszagon-at-cavallinoig\/#breadcrumb"},"inLanguage":"hu","potentialAction":[{"@type":"ReadAction","target":["https:\/\/www.casavio.com\/hu\/blog\/az-alpoktol-az-adriai-tengerig-utazas-olaszorszagon-at-cavallinoig\/"]}]},{"@type":"ImageObject","inLanguage":"hu","@id":"https:\/\/www.casavio.com\/hu\/blog\/az-alpoktol-az-adriai-tengerig-utazas-olaszorszagon-at-cavallinoig\/#primaryimage","url":"https:\/\/www.casavio.com\/wp-content\/uploads\/2026\/01\/lago-di-garda_v.jpg","contentUrl":"https:\/\/www.casavio.com\/wp-content\/uploads\/2026\/01\/lago-di-garda_v.jpg","width":440,"height":600},{"@type":"BreadcrumbList","@id":"https:\/\/www.casavio.com\/hu\/blog\/az-alpoktol-az-adriai-tengerig-utazas-olaszorszagon-at-cavallinoig\/#breadcrumb","itemListElement":[{"@type":"ListItem","position":1,"name":"Home","item":"https:\/\/www.casavio.com\/hu\/"},{"@type":"ListItem","position":2,"name":"Az Alpokt\u00f3l az Adriai-tengerig: utaz\u00e1s Olaszorsz\u00e1gon \u00e1t Cavallinoig"}]},{"@type":"WebSite","@id":"https:\/\/www.casavio.com\/hu\/#website","url":"https:\/\/www.casavio.com\/hu\/","name":"Camping Ca&#039; Savio","description":"","publisher":{"@id":"https:\/\/www.casavio.com\/hu\/#organization"},"potentialAction":[{"@type":"SearchAction","target":{"@type":"EntryPoint","urlTemplate":"https:\/\/www.casavio.com\/hu\/?s={search_term_string}"},"query-input":{"@type":"PropertyValueSpecification","valueRequired":true,"valueName":"search_term_string"}}],"inLanguage":"hu"},{"@type":"Organization","@id":"https:\/\/www.casavio.com\/hu\/#organization","name":"Camping Ca'Savio","url":"https:\/\/www.casavio.com\/hu\/","logo":{"@type":"ImageObject","inLanguage":"hu","@id":"https:\/\/www.casavio.com\/hu\/#\/schema\/logo\/image\/","url":"https:\/\/www.casavio.com\/wp-content\/uploads\/2024\/04\/favicon.png","contentUrl":"https:\/\/www.casavio.com\/wp-content\/uploads\/2024\/04\/favicon.png","width":144,"height":144,"caption":"Camping Ca'Savio"},"image":{"@id":"https:\/\/www.casavio.com\/hu\/#\/schema\/logo\/image\/"},"sameAs":["https:\/\/www.facebook.com\/campingcasavio","https:\/\/www.instagram.com\/campingcasavio","https:\/\/www.youtube.com\/user\/campingcasavio"]},{"@type":"Person","@id":"https:\/\/www.casavio.com\/hu\/#\/schema\/person\/578772de72c8c7a7bc37952f3c2134e3","name":"Silvia Cagnan"}]}},"_links":{"self":[{"href":"https:\/\/www.casavio.com\/hu\/wp-json\/wp\/v2\/posts\/45481","targetHints":{"allow":["GET"]}}],"collection":[{"href":"https:\/\/www.casavio.com\/hu\/wp-json\/wp\/v2\/posts"}],"about":[{"href":"https:\/\/www.casavio.com\/hu\/wp-json\/wp\/v2\/types\/post"}],"author":[{"embeddable":true,"href":"https:\/\/www.casavio.com\/hu\/wp-json\/wp\/v2\/users\/6"}],"replies":[{"embeddable":true,"href":"https:\/\/www.casavio.com\/hu\/wp-json\/wp\/v2\/comments?post=45481"}],"version-history":[{"count":5,"href":"https:\/\/www.casavio.com\/hu\/wp-json\/wp\/v2\/posts\/45481\/revisions"}],"predecessor-version":[{"id":45572,"href":"https:\/\/www.casavio.com\/hu\/wp-json\/wp\/v2\/posts\/45481\/revisions\/45572"}],"wp:featuredmedia":[{"embeddable":true,"href":"https:\/\/www.casavio.com\/hu\/wp-json\/wp\/v2\/media\/45460"}],"wp:attachment":[{"href":"https:\/\/www.casavio.com\/hu\/wp-json\/wp\/v2\/media?parent=45481"}],"wp:term":[{"taxonomy":"category","embeddable":true,"href":"https:\/\/www.casavio.com\/hu\/wp-json\/wp\/v2\/categories?post=45481"},{"taxonomy":"post_tag","embeddable":true,"href":"https:\/\/www.casavio.com\/hu\/wp-json\/wp\/v2\/tags?post=45481"}],"curies":[{"name":"wp","href":"https:\/\/api.w.org\/{rel}","templated":true}]}}